{"id":14852,"date":"2025-07-15T16:46:03","date_gmt":"2025-07-15T14:46:03","guid":{"rendered":"https:\/\/www.castello-seeschloss.ch\/2025\/07\/15\/1-august-2025-nationalfeiertag-im-castello-food-seesicht-nice-price-coole-location-see-gourmet-nice-people-frindly-stuff\/"},"modified":"2025-07-29T16:59:45","modified_gmt":"2025-07-29T14:59:45","slug":"1-august-2025-nationalfeiertag-im-castello-food-seesicht-nice-price-coole-location-see-gourmet-nice-people-frindly-stuff","status":"publish","type":"post","link":"https:\/\/www.castello-seeschloss.ch\/fr\/2025\/07\/15\/1-august-2025-nationalfeiertag-im-castello-food-seesicht-nice-price-coole-location-see-gourmet-nice-people-frindly-stuff\/","title":{"rendered":"1. Aout 2025 Fete nationale au Castello"},"content":{"rendered":"\n<style type=\"text\/css\" data-created_by=\"avia_inline_auto\" id=\"style-css-av-1zpdevx-f9e4bea1e46f5b41000fbed1a039d3d0\">\n.avia-section.av-1zpdevx-f9e4bea1e46f5b41000fbed1a039d3d0{\nbackground-repeat:no-repeat;\nbackground-image:url(https:\/\/www.castello-seeschloss.ch\/wp-content\/uploads\/2015\/07\/Slider_Large_CastelloFront_600.jpg);\nbackground-position:50% 100%;\nbackground-attachment:scroll;\n}\n<\/style>\n<div id='av_section_1'  class='avia-section av-1zpdevx-f9e4bea1e46f5b41000fbed1a039d3d0 main_color avia-section-default avia-no-shadow  avia-builder-el-0  el_before_av_heading  avia-builder-el-first  avia-full-stretch avia-bg-style-scroll av-minimum-height av-minimum-height-50 av-height-50  container_wrap fullsize'  data-section-bg-repeat='stretch' data-av_minimum_height_pc='50' data-av_min_height_opt='50'><div class='container av-section-cont-open' ><main  role=\"main\" itemprop=\"mainContentOfPage\"  class='template-page content  av-content-full alpha units'><div class='post-entry post-entry-type-page post-entry-14852'><div class='entry-content-wrapper clearfix'><\/div><\/div><\/main><!-- close content main element --><\/div><\/div><div id='after_section_1'  class='main_color av_default_container_wrap container_wrap fullsize'  ><div class='container av-section-cont-open' ><div class='template-page content  av-content-full alpha units'><div class='post-entry post-entry-type-page post-entry-14852'><div class='entry-content-wrapper clearfix'>\n\n<style type=\"text\/css\" data-created_by=\"avia_inline_auto\" id=\"style-css-av-md1knak9-d40c91bdca5c2a319f852fe60c88bc57\">\n#top .av-special-heading.av-md1knak9-d40c91bdca5c2a319f852fe60c88bc57{\npadding-bottom:10px;\n}\nbody .av-special-heading.av-md1knak9-d40c91bdca5c2a319f852fe60c88bc57 .av-special-heading-tag .heading-char{\nfont-size:25px;\n}\n.av-special-heading.av-md1knak9-d40c91bdca5c2a319f852fe60c88bc57 .av-subheading{\nfont-size:15px;\n}\n<\/style>\n<div  class='av-special-heading av-md1knak9-d40c91bdca5c2a319f852fe60c88bc57 av-special-heading-h1 blockquote modern-quote modern-centered  avia-builder-el-1  el_after_av_section  el_before_av_section  avia-builder-el-no-sibling '><h1 class='av-special-heading-tag '  itemprop=\"headline\"  >Fete nationale au Castello<\/h1><div class=\"special-heading-border\"><div class=\"special-heading-inner-border\"><\/div><\/div><\/div>\n<\/div><\/div><\/div><!-- close content main div --><\/div><\/div>\n<style type=\"text\/css\" data-created_by=\"avia_inline_auto\" id=\"style-css-av-1ouorq5-a0460bec5acd0b8095674b6beeaa6b4b\">\n.avia-section.av-1ouorq5-a0460bec5acd0b8095674b6beeaa6b4b{\nmargin-top:50px;\nmargin-bottom:130px;\n}\n<\/style>\n<div id='av_section_2'  class='avia-section av-1ouorq5-a0460bec5acd0b8095674b6beeaa6b4b main_color avia-section-no-padding avia-no-border-styling  avia-builder-el-2  el_after_av_heading  el_before_av_gallery  avia-bg-style-scroll container_wrap fullsize'  ><div class='container av-section-cont-open' ><div class='template-page content  av-content-full alpha units'><div class='post-entry post-entry-type-page post-entry-14852'><div class='entry-content-wrapper clearfix'>\n<div class='flex_column_table av-178jzb1-cb8133beddfee13850c52e0e44808f94 sc-av_one_full av-break-at-tablet-flextable av-equal-height-column-flextable'><div  class='flex_column av-178jzb1-cb8133beddfee13850c52e0e44808f94 av_one_full  avia-builder-el-3  el_before_av_image  avia-builder-el-first  first av-break-at-tablet flex_column_table_cell av-equal-height-column av-align-top  '     ><section  class='av_textblock_section av-md1kqppe-38e99981fad8eb3265a4ec129d3228b3 '   itemscope=\"itemscope\" itemtype=\"https:\/\/schema.org\/BlogPosting\" itemprop=\"blogPost\" ><div class='avia_textblock cc-remove-p-top-margin'  itemprop=\"text\" ><p>Chers clients,<br \/>\n<strong>Le 1er ao\u00fbt 2025<\/strong>, nous c\u00e9l\u00e9brerons la f\u00eate nationale suisse et vous invitons cordialement \u00e0 passer cette soir\u00e9e sp\u00e9ciale avec nous au restaurant al lago \u00e0 partir de 18h30.<\/p>\n<p>Vous pourrez d\u00e9guster un <strong>menu festif \u00e0 5 plats<\/strong> dans une ambiance \u00e9l\u00e9gante, inspir\u00e9 des traditions suisses et pr\u00e9par\u00e9 avec beaucoup d&rsquo;amour.<br \/>\nPrix : <strong>112 CHF par personne<\/strong><\/p>\n<p>Ou que diriez-vous d&rsquo;une soir\u00e9e anim\u00e9e en plein air ?<\/p>\n<p>Dans notre cour int\u00e9rieure romantique, nous vous servirons un copieux <strong>menu barbecue \u00e0 quatre plats<\/strong>, parfait pour une agr\u00e9able soir\u00e9e d&rsquo;\u00e9t\u00e9.<br \/>\nPrix : 82 CHF par personne<\/p>\n<p>Envie de faire la f\u00eate avec nous ?<\/p>\n<p>Alors r\u00e9servez votre table d\u00e8s aujourd&rsquo;hui. Nous nous r\u00e9jouissons de votre visite et de passer avec vous une f\u00eate nationale inoubliable !<\/p>\n<\/div><\/section><\/div><\/div><!--close column table wrapper. Autoclose: 1 -->\n<style type=\"text\/css\" data-created_by=\"avia_inline_auto\" id=\"style-css-av-md4n99g6-90b6a83f93b6153a4e6f53463c0ce839\">\n.avia-image-container.av-md4n99g6-90b6a83f93b6153a4e6f53463c0ce839 img.avia_image{\nbox-shadow:none;\n}\n.avia-image-container.av-md4n99g6-90b6a83f93b6153a4e6f53463c0ce839 .av-image-caption-overlay-center{\ncolor:#ffffff;\n}\n<\/style>\n<div  class='avia-image-container av-md4n99g6-90b6a83f93b6153a4e6f53463c0ce839 av-styling- avia-align-center  avia-builder-el-5  el_after_av_one_full  avia-builder-el-last '   itemprop=\"image\" itemscope=\"itemscope\" itemtype=\"https:\/\/schema.org\/ImageObject\" ><div class=\"avia-image-container-inner\"><div class=\"avia-image-overlay-wrap\"><img decoding=\"async\" fetchpriority=\"high\" class='wp-image-14774 avia-img-lazy-loading-not-14774 avia_image ' src=\"https:\/\/www.castello-seeschloss.ch\/wp-content\/uploads\/2025\/07\/1-agosto-neu-1.jpg\" alt='' title='1 agosto neu'  height=\"1200\" width=\"1553\"  itemprop=\"thumbnailUrl\" srcset=\"https:\/\/www.castello-seeschloss.ch\/wp-content\/uploads\/2025\/07\/1-agosto-neu-1.jpg 1553w, https:\/\/www.castello-seeschloss.ch\/wp-content\/uploads\/2025\/07\/1-agosto-neu-1-300x232.jpg 300w, https:\/\/www.castello-seeschloss.ch\/wp-content\/uploads\/2025\/07\/1-agosto-neu-1-1024x791.jpg 1024w, https:\/\/www.castello-seeschloss.ch\/wp-content\/uploads\/2025\/07\/1-agosto-neu-1-768x593.jpg 768w, https:\/\/www.castello-seeschloss.ch\/wp-content\/uploads\/2025\/07\/1-agosto-neu-1-1536x1187.jpg 1536w, https:\/\/www.castello-seeschloss.ch\/wp-content\/uploads\/2025\/07\/1-agosto-neu-1-1500x1159.jpg 1500w, https:\/\/www.castello-seeschloss.ch\/wp-content\/uploads\/2025\/07\/1-agosto-neu-1-705x545.jpg 705w\" sizes=\"(max-width: 1553px) 100vw, 1553px\" \/><\/div><\/div><\/div>\n<\/div><\/div><\/div><!-- close content main div --><\/div><\/div><div id='after_section_2'  class='main_color av_default_container_wrap container_wrap fullsize'  ><div class='container av-section-cont-open' ><div class='template-page content  av-content-full alpha units'><div class='post-entry post-entry-type-page post-entry-14852'><div class='entry-content-wrapper clearfix'>\n<style type=\"text\/css\" data-created_by=\"avia_inline_auto\" id=\"style-css-av-md1lg84f-8e568815667f8763e4e121d3737afdf7\">\n#top .avia-gallery.av-md1lg84f-8e568815667f8763e4e121d3737afdf7 .avia-gallery-thumb a{\nwidth:20%;\n}\n<\/style>\n<div  class='avia-gallery av-md1lg84f-8e568815667f8763e4e121d3737afdf7 avia_animate_when_visible  avia-builder-el-6  el_after_av_section  avia-builder-el-no-sibling  avia_lazyload avia-gallery-animate avia-gallery-1'  itemprop=\"image\" itemscope=\"itemscope\" itemtype=\"https:\/\/schema.org\/ImageObject\" ><meta itemprop=\"contentURL\" content=\"https:\/\/www.castello-seeschloss.ch\/fr\/2025\/07\/15\/1-august-2025-nationalfeiertag-im-castello-food-seesicht-nice-price-coole-location-see-gourmet-nice-people-frindly-stuff\/\"><div class='avia-gallery-thumb'><a href=\"https:\/\/www.castello-seeschloss.ch\/wp-content\/uploads\/2025\/07\/01082023-576x1024.jpg\" data-srcset=\"https:\/\/www.castello-seeschloss.ch\/wp-content\/uploads\/2025\/07\/01082023-576x1024.jpg 576w, https:\/\/www.castello-seeschloss.ch\/wp-content\/uploads\/2025\/07\/01082023-169x300.jpg 169w, https:\/\/www.castello-seeschloss.ch\/wp-content\/uploads\/2025\/07\/01082023-768x1365.jpg 768w, https:\/\/www.castello-seeschloss.ch\/wp-content\/uploads\/2025\/07\/01082023-864x1536.jpg 864w, https:\/\/www.castello-seeschloss.ch\/wp-content\/uploads\/2025\/07\/01082023-1152x2048.jpg 1152w, https:\/\/www.castello-seeschloss.ch\/wp-content\/uploads\/2025\/07\/01082023-844x1500.jpg 844w, https:\/\/www.castello-seeschloss.ch\/wp-content\/uploads\/2025\/07\/01082023-397x705.jpg 397w, https:\/\/www.castello-seeschloss.ch\/wp-content\/uploads\/2025\/07\/01082023-scaled.jpg 1200w\" data-sizes=\"(max-width: 576px) 100vw, 576px\" data-rel='gallery-1' data-prev-img='https:\/\/www.castello-seeschloss.ch\/wp-content\/uploads\/2025\/07\/01082023-495x400.jpg' class='first_thumb lightbox ' data-onclick='1' title='1 August'  itemprop=\"thumbnailUrl\"  ><img decoding=\"async\" fetchpriority=\"high\" class=\"wp-image-14725 avia-img-lazy-loading-not-14725\"  data-avia-tooltip='1 August' src=\"https:\/\/www.castello-seeschloss.ch\/wp-content\/uploads\/2025\/07\/01082023-495x400.jpg\" width=\"495\" height=\"400\"  title='01082023' alt='' srcset=\"https:\/\/www.castello-seeschloss.ch\/wp-content\/uploads\/2025\/07\/01082023-495x400.jpg 495w, https:\/\/www.castello-seeschloss.ch\/wp-content\/uploads\/2025\/07\/01082023-845x684.jpg 845w\" sizes=\"(max-width: 495px) 100vw, 495px\" \/><div class='big-prev-fake'><img decoding=\"async\" fetchpriority=\"high\" class=\"wp-image-14725 avia-img-lazy-loading-not-14725\"  width=\"495\" height=\"400\" src=\"https:\/\/www.castello-seeschloss.ch\/wp-content\/uploads\/2025\/07\/01082023-495x400.jpg\" title='01082023' alt='' srcset=\"https:\/\/www.castello-seeschloss.ch\/wp-content\/uploads\/2025\/07\/01082023-495x400.jpg 495w, https:\/\/www.castello-seeschloss.ch\/wp-content\/uploads\/2025\/07\/01082023-845x684.jpg 845w\" sizes=\"(max-width: 495px) 100vw, 495px\" \/><\/div><\/a><a href=\"https:\/\/www.castello-seeschloss.ch\/wp-content\/uploads\/2025\/07\/Essenza-pomodori-Vogel-1024x683.jpeg\" data-srcset=\"https:\/\/www.castello-seeschloss.ch\/wp-content\/uploads\/2025\/07\/Essenza-pomodori-Vogel-1024x683.jpeg 1024w, https:\/\/www.castello-seeschloss.ch\/wp-content\/uploads\/2025\/07\/Essenza-pomodori-Vogel-300x200.jpeg 300w, https:\/\/www.castello-seeschloss.ch\/wp-content\/uploads\/2025\/07\/Essenza-pomodori-Vogel-768x512.jpeg 768w, https:\/\/www.castello-seeschloss.ch\/wp-content\/uploads\/2025\/07\/Essenza-pomodori-Vogel-1536x1024.jpeg 1536w, https:\/\/www.castello-seeschloss.ch\/wp-content\/uploads\/2025\/07\/Essenza-pomodori-Vogel-1500x1000.jpeg 1500w, https:\/\/www.castello-seeschloss.ch\/wp-content\/uploads\/2025\/07\/Essenza-pomodori-Vogel-705x470.jpeg 705w, https:\/\/www.castello-seeschloss.ch\/wp-content\/uploads\/2025\/07\/Essenza-pomodori-Vogel.jpeg 1800w\" data-sizes=\"(max-width: 1024px) 100vw, 1024px\" data-rel='gallery-1' data-prev-img='https:\/\/www.castello-seeschloss.ch\/wp-content\/uploads\/2025\/07\/Essenza-pomodori-Vogel-495x400.jpeg' class='lightbox ' data-onclick='2' title='S\u00fcppchen Tomate'  itemprop=\"thumbnailUrl\"  ><img decoding=\"async\" fetchpriority=\"high\" class=\"wp-image-14729 avia-img-lazy-loading-not-14729\"  data-avia-tooltip='S\u00fcppchen Tomate' src=\"https:\/\/www.castello-seeschloss.ch\/wp-content\/uploads\/2025\/07\/Essenza-pomodori-Vogel-495x400.jpeg\" width=\"495\" height=\"400\"  title='Essenza pomodori Vogel' alt='' srcset=\"https:\/\/www.castello-seeschloss.ch\/wp-content\/uploads\/2025\/07\/Essenza-pomodori-Vogel-495x400.jpeg 495w, https:\/\/www.castello-seeschloss.ch\/wp-content\/uploads\/2025\/07\/Essenza-pomodori-Vogel-845x684.jpeg 845w\" sizes=\"(max-width: 495px) 100vw, 495px\" \/><div class='big-prev-fake'><img decoding=\"async\" fetchpriority=\"high\" class=\"wp-image-14729 avia-img-lazy-loading-not-14729\"  width=\"495\" height=\"400\" src=\"https:\/\/www.castello-seeschloss.ch\/wp-content\/uploads\/2025\/07\/Essenza-pomodori-Vogel-495x400.jpeg\" title='Essenza pomodori Vogel' alt='' srcset=\"https:\/\/www.castello-seeschloss.ch\/wp-content\/uploads\/2025\/07\/Essenza-pomodori-Vogel-495x400.jpeg 495w, https:\/\/www.castello-seeschloss.ch\/wp-content\/uploads\/2025\/07\/Essenza-pomodori-Vogel-845x684.jpeg 845w\" sizes=\"(max-width: 495px) 100vw, 495px\" \/><\/div><\/a><a href=\"https:\/\/www.castello-seeschloss.ch\/wp-content\/uploads\/2025\/07\/Risotto-mit-Castelmagno-Casis-576x1024.jpeg\" data-srcset=\"https:\/\/www.castello-seeschloss.ch\/wp-content\/uploads\/2025\/07\/Risotto-mit-Castelmagno-Casis-576x1024.jpeg 576w, https:\/\/www.castello-seeschloss.ch\/wp-content\/uploads\/2025\/07\/Risotto-mit-Castelmagno-Casis-169x300.jpeg 169w, https:\/\/www.castello-seeschloss.ch\/wp-content\/uploads\/2025\/07\/Risotto-mit-Castelmagno-Casis-768x1365.jpeg 768w, https:\/\/www.castello-seeschloss.ch\/wp-content\/uploads\/2025\/07\/Risotto-mit-Castelmagno-Casis-864x1536.jpeg 864w, https:\/\/www.castello-seeschloss.ch\/wp-content\/uploads\/2025\/07\/Risotto-mit-Castelmagno-Casis-1152x2048.jpeg 1152w, https:\/\/www.castello-seeschloss.ch\/wp-content\/uploads\/2025\/07\/Risotto-mit-Castelmagno-Casis-844x1500.jpeg 844w, https:\/\/www.castello-seeschloss.ch\/wp-content\/uploads\/2025\/07\/Risotto-mit-Castelmagno-Casis-397x705.jpeg 397w, https:\/\/www.castello-seeschloss.ch\/wp-content\/uploads\/2025\/07\/Risotto-mit-Castelmagno-Casis-scaled.jpeg 1200w\" data-sizes=\"(max-width: 576px) 100vw, 576px\" data-rel='gallery-1' data-prev-img='https:\/\/www.castello-seeschloss.ch\/wp-content\/uploads\/2025\/07\/Risotto-mit-Castelmagno-Casis-495x400.jpeg' class='lightbox ' data-onclick='3' title='Risotto mit Castelmagno und Casis'  itemprop=\"thumbnailUrl\"  ><img decoding=\"async\" fetchpriority=\"high\" class=\"wp-image-14733 avia-img-lazy-loading-not-14733\"  data-avia-tooltip='Risotto mit Castelmagno und Casis' src=\"https:\/\/www.castello-seeschloss.ch\/wp-content\/uploads\/2025\/07\/Risotto-mit-Castelmagno-Casis-495x400.jpeg\" width=\"495\" height=\"400\"  title='Risotto mit Castelmagno und Casis' alt='' srcset=\"https:\/\/www.castello-seeschloss.ch\/wp-content\/uploads\/2025\/07\/Risotto-mit-Castelmagno-Casis-495x400.jpeg 495w, https:\/\/www.castello-seeschloss.ch\/wp-content\/uploads\/2025\/07\/Risotto-mit-Castelmagno-Casis-845x684.jpeg 845w\" sizes=\"(max-width: 495px) 100vw, 495px\" \/><div class='big-prev-fake'><img decoding=\"async\" fetchpriority=\"high\" class=\"wp-image-14733 avia-img-lazy-loading-not-14733\"  width=\"495\" height=\"400\" src=\"https:\/\/www.castello-seeschloss.ch\/wp-content\/uploads\/2025\/07\/Risotto-mit-Castelmagno-Casis-495x400.jpeg\" title='Risotto mit Castelmagno und Casis' alt='' srcset=\"https:\/\/www.castello-seeschloss.ch\/wp-content\/uploads\/2025\/07\/Risotto-mit-Castelmagno-Casis-495x400.jpeg 495w, https:\/\/www.castello-seeschloss.ch\/wp-content\/uploads\/2025\/07\/Risotto-mit-Castelmagno-Casis-845x684.jpeg 845w\" sizes=\"(max-width: 495px) 100vw, 495px\" \/><\/div><\/a><a href=\"https:\/\/www.castello-seeschloss.ch\/wp-content\/uploads\/2025\/07\/Risotto-Scampi-576x1024.jpg\" data-srcset=\"https:\/\/www.castello-seeschloss.ch\/wp-content\/uploads\/2025\/07\/Risotto-Scampi-576x1024.jpg 576w, https:\/\/www.castello-seeschloss.ch\/wp-content\/uploads\/2025\/07\/Risotto-Scampi-169x300.jpg 169w, https:\/\/www.castello-seeschloss.ch\/wp-content\/uploads\/2025\/07\/Risotto-Scampi-768x1365.jpg 768w, https:\/\/www.castello-seeschloss.ch\/wp-content\/uploads\/2025\/07\/Risotto-Scampi-864x1536.jpg 864w, https:\/\/www.castello-seeschloss.ch\/wp-content\/uploads\/2025\/07\/Risotto-Scampi-1152x2048.jpg 1152w, https:\/\/www.castello-seeschloss.ch\/wp-content\/uploads\/2025\/07\/Risotto-Scampi-844x1500.jpg 844w, https:\/\/www.castello-seeschloss.ch\/wp-content\/uploads\/2025\/07\/Risotto-Scampi-397x705.jpg 397w, https:\/\/www.castello-seeschloss.ch\/wp-content\/uploads\/2025\/07\/Risotto-Scampi-scaled.jpg 1200w\" data-sizes=\"(max-width: 576px) 100vw, 576px\" data-rel='gallery-1' data-prev-img='https:\/\/www.castello-seeschloss.ch\/wp-content\/uploads\/2025\/07\/Risotto-Scampi-495x400.jpg' class='lightbox ' data-onclick='4' title='Risotto mit Scampi'  itemprop=\"thumbnailUrl\"  ><img decoding=\"async\" fetchpriority=\"high\" class=\"wp-image-14737 avia-img-lazy-loading-not-14737\"  data-avia-tooltip='Risotto mit Scampi' src=\"https:\/\/www.castello-seeschloss.ch\/wp-content\/uploads\/2025\/07\/Risotto-Scampi-495x400.jpg\" width=\"495\" height=\"400\"  title='Risotto Scampi' alt='' srcset=\"https:\/\/www.castello-seeschloss.ch\/wp-content\/uploads\/2025\/07\/Risotto-Scampi-495x400.jpg 495w, https:\/\/www.castello-seeschloss.ch\/wp-content\/uploads\/2025\/07\/Risotto-Scampi-845x684.jpg 845w\" sizes=\"(max-width: 495px) 100vw, 495px\" \/><div class='big-prev-fake'><img decoding=\"async\" fetchpriority=\"high\" class=\"wp-image-14737 avia-img-lazy-loading-not-14737\"  width=\"495\" height=\"400\" src=\"https:\/\/www.castello-seeschloss.ch\/wp-content\/uploads\/2025\/07\/Risotto-Scampi-495x400.jpg\" title='Risotto Scampi' alt='' srcset=\"https:\/\/www.castello-seeschloss.ch\/wp-content\/uploads\/2025\/07\/Risotto-Scampi-495x400.jpg 495w, https:\/\/www.castello-seeschloss.ch\/wp-content\/uploads\/2025\/07\/Risotto-Scampi-845x684.jpg 845w\" sizes=\"(max-width: 495px) 100vw, 495px\" \/><\/div><\/a><a href=\"https:\/\/www.castello-seeschloss.ch\/wp-content\/uploads\/2025\/07\/Vitello-Primavera-1024x576.jpg\" data-srcset=\"https:\/\/www.castello-seeschloss.ch\/wp-content\/uploads\/2025\/07\/Vitello-Primavera-1024x576.jpg 1024w, https:\/\/www.castello-seeschloss.ch\/wp-content\/uploads\/2025\/07\/Vitello-Primavera-300x169.jpg 300w, https:\/\/www.castello-seeschloss.ch\/wp-content\/uploads\/2025\/07\/Vitello-Primavera-768x432.jpg 768w, https:\/\/www.castello-seeschloss.ch\/wp-content\/uploads\/2025\/07\/Vitello-Primavera-1536x864.jpg 1536w, https:\/\/www.castello-seeschloss.ch\/wp-content\/uploads\/2025\/07\/Vitello-Primavera-2048x1152.jpg 2048w, https:\/\/www.castello-seeschloss.ch\/wp-content\/uploads\/2025\/07\/Vitello-Primavera-1500x844.jpg 1500w, https:\/\/www.castello-seeschloss.ch\/wp-content\/uploads\/2025\/07\/Vitello-Primavera-705x397.jpg 705w\" data-sizes=\"(max-width: 1024px) 100vw, 1024px\" data-rel='gallery-1' data-prev-img='https:\/\/www.castello-seeschloss.ch\/wp-content\/uploads\/2025\/07\/Vitello-Primavera-495x400.jpg' class='lightbox ' data-onclick='5' title='Fr\u00fchlings Kalb'  itemprop=\"thumbnailUrl\"  ><img decoding=\"async\" fetchpriority=\"high\" class=\"wp-image-14741 avia-img-lazy-loading-not-14741\"  data-avia-tooltip='Fr\u00fchlings Kalb' src=\"https:\/\/www.castello-seeschloss.ch\/wp-content\/uploads\/2025\/07\/Vitello-Primavera-495x400.jpg\" width=\"495\" height=\"400\"  title='Vitello Primavera' alt='' srcset=\"https:\/\/www.castello-seeschloss.ch\/wp-content\/uploads\/2025\/07\/Vitello-Primavera-495x400.jpg 495w, https:\/\/www.castello-seeschloss.ch\/wp-content\/uploads\/2025\/07\/Vitello-Primavera-845x684.jpg 845w\" sizes=\"(max-width: 495px) 100vw, 495px\" \/><div class='big-prev-fake'><img decoding=\"async\" fetchpriority=\"high\" class=\"wp-image-14741 avia-img-lazy-loading-not-14741\"  width=\"495\" height=\"400\" src=\"https:\/\/www.castello-seeschloss.ch\/wp-content\/uploads\/2025\/07\/Vitello-Primavera-495x400.jpg\" title='Vitello Primavera' alt='' srcset=\"https:\/\/www.castello-seeschloss.ch\/wp-content\/uploads\/2025\/07\/Vitello-Primavera-495x400.jpg 495w, https:\/\/www.castello-seeschloss.ch\/wp-content\/uploads\/2025\/07\/Vitello-Primavera-845x684.jpg 845w\" sizes=\"(max-width: 495px) 100vw, 495px\" \/><\/div><\/a><\/div><\/div><\/p>\n","protected":false},"excerpt":{"rendered":"","protected":false},"author":2,"featured_media":14754,"comment_status":"closed","ping_status":"open","sticky":false,"template":"","format":"standard","meta":{"footnotes":""},"categories":[42],"tags":[],"class_list":["post-14852","post","type-post","status-publish","format-standard","has-post-thumbnail","hentry","category-events-fr"],"yoast_head":"<!-- This site is optimized with the Yoast SEO plugin v27.2 - https:\/\/yoast.com\/product\/yoast-seo-wordpress\/ -->\n<title>1. Aout 2025 Fete nationale au Castello - Romantik Hotel Castello Seeschloss<\/title>\n<meta name=\"robots\" content=\"index, follow, max-snippet:-1, max-image-preview:large, max-video-preview:-1\" \/>\n<link rel=\"canonical\" href=\"https:\/\/www.castello-seeschloss.ch\/fr\/2025\/07\/15\/1-august-2025-nationalfeiertag-im-castello-food-seesicht-nice-price-coole-location-see-gourmet-nice-people-frindly-stuff\/\" \/>\n<meta property=\"og:locale\" content=\"fr_FR\" \/>\n<meta property=\"og:type\" content=\"article\" \/>\n<meta property=\"og:title\" content=\"1. Aout 2025 Fete nationale au Castello - Romantik Hotel Castello Seeschloss\" \/>\n<meta property=\"og:url\" content=\"https:\/\/www.castello-seeschloss.ch\/fr\/2025\/07\/15\/1-august-2025-nationalfeiertag-im-castello-food-seesicht-nice-price-coole-location-see-gourmet-nice-people-frindly-stuff\/\" \/>\n<meta property=\"og:site_name\" content=\"Romantik Hotel Castello Seeschloss\" \/>\n<meta property=\"article:published_time\" content=\"2025-07-15T14:46:03+00:00\" \/>\n<meta property=\"article:modified_time\" content=\"2025-07-29T14:59:45+00:00\" \/>\n<meta property=\"og:image\" content=\"https:\/\/www.castello-seeschloss.ch\/wp-content\/uploads\/2025\/07\/istockphoto-1089787480-612x612-1.jpg\" \/>\n\t<meta property=\"og:image:width\" content=\"612\" \/>\n\t<meta property=\"og:image:height\" content=\"555\" \/>\n\t<meta property=\"og:image:type\" content=\"image\/jpeg\" \/>\n<meta name=\"author\" content=\"castello\" \/>\n<meta name=\"twitter:card\" content=\"summary_large_image\" \/>\n<meta name=\"twitter:creator\" content=\"@p390154\" \/>\n<meta name=\"twitter:label1\" content=\"\u00c9crit par\" \/>\n\t<meta name=\"twitter:data1\" content=\"castello\" \/>\n\t<meta name=\"twitter:label2\" content=\"Dur\u00e9e de lecture estim\u00e9e\" \/>\n\t<meta name=\"twitter:data2\" content=\"3 minutes\" \/>\n<script type=\"application\/ld+json\" class=\"yoast-schema-graph\">{\"@context\":\"https:\/\/schema.org\",\"@graph\":[{\"@type\":\"Article\",\"@id\":\"https:\/\/www.castello-seeschloss.ch\/fr\/2025\/07\/15\/1-august-2025-nationalfeiertag-im-castello-food-seesicht-nice-price-coole-location-see-gourmet-nice-people-frindly-stuff\/#article\",\"isPartOf\":{\"@id\":\"https:\/\/www.castello-seeschloss.ch\/fr\/2025\/07\/15\/1-august-2025-nationalfeiertag-im-castello-food-seesicht-nice-price-coole-location-see-gourmet-nice-people-frindly-stuff\/\"},\"author\":{\"name\":\"castello\",\"@id\":\"https:\/\/www.castello-seeschloss.ch\/#\/schema\/person\/2d7edc5ec26981e6d3e97a4faa025f97\"},\"headline\":\"1. Aout 2025 Fete nationale au Castello\",\"datePublished\":\"2025-07-15T14:46:03+00:00\",\"dateModified\":\"2025-07-29T14:59:45+00:00\",\"mainEntityOfPage\":{\"@id\":\"https:\/\/www.castello-seeschloss.ch\/fr\/2025\/07\/15\/1-august-2025-nationalfeiertag-im-castello-food-seesicht-nice-price-coole-location-see-gourmet-nice-people-frindly-stuff\/\"},\"wordCount\":1326,\"image\":{\"@id\":\"https:\/\/www.castello-seeschloss.ch\/fr\/2025\/07\/15\/1-august-2025-nationalfeiertag-im-castello-food-seesicht-nice-price-coole-location-see-gourmet-nice-people-frindly-stuff\/#primaryimage\"},\"thumbnailUrl\":\"https:\/\/www.castello-seeschloss.ch\/wp-content\/uploads\/2025\/07\/istockphoto-1089787480-612x612-1.jpg\",\"articleSection\":[\"Events\"],\"inLanguage\":\"fr-FR\"},{\"@type\":\"WebPage\",\"@id\":\"https:\/\/www.castello-seeschloss.ch\/fr\/2025\/07\/15\/1-august-2025-nationalfeiertag-im-castello-food-seesicht-nice-price-coole-location-see-gourmet-nice-people-frindly-stuff\/\",\"url\":\"https:\/\/www.castello-seeschloss.ch\/fr\/2025\/07\/15\/1-august-2025-nationalfeiertag-im-castello-food-seesicht-nice-price-coole-location-see-gourmet-nice-people-frindly-stuff\/\",\"name\":\"1. Aout 2025 Fete nationale au Castello - Romantik Hotel Castello Seeschloss\",\"isPartOf\":{\"@id\":\"https:\/\/www.castello-seeschloss.ch\/#website\"},\"primaryImageOfPage\":{\"@id\":\"https:\/\/www.castello-seeschloss.ch\/fr\/2025\/07\/15\/1-august-2025-nationalfeiertag-im-castello-food-seesicht-nice-price-coole-location-see-gourmet-nice-people-frindly-stuff\/#primaryimage\"},\"image\":{\"@id\":\"https:\/\/www.castello-seeschloss.ch\/fr\/2025\/07\/15\/1-august-2025-nationalfeiertag-im-castello-food-seesicht-nice-price-coole-location-see-gourmet-nice-people-frindly-stuff\/#primaryimage\"},\"thumbnailUrl\":\"https:\/\/www.castello-seeschloss.ch\/wp-content\/uploads\/2025\/07\/istockphoto-1089787480-612x612-1.jpg\",\"datePublished\":\"2025-07-15T14:46:03+00:00\",\"dateModified\":\"2025-07-29T14:59:45+00:00\",\"author\":{\"@id\":\"https:\/\/www.castello-seeschloss.ch\/#\/schema\/person\/2d7edc5ec26981e6d3e97a4faa025f97\"},\"breadcrumb\":{\"@id\":\"https:\/\/www.castello-seeschloss.ch\/fr\/2025\/07\/15\/1-august-2025-nationalfeiertag-im-castello-food-seesicht-nice-price-coole-location-see-gourmet-nice-people-frindly-stuff\/#breadcrumb\"},\"inLanguage\":\"fr-FR\",\"potentialAction\":[{\"@type\":\"ReadAction\",\"target\":[\"https:\/\/www.castello-seeschloss.ch\/fr\/2025\/07\/15\/1-august-2025-nationalfeiertag-im-castello-food-seesicht-nice-price-coole-location-see-gourmet-nice-people-frindly-stuff\/\"]}]},{\"@type\":\"ImageObject\",\"inLanguage\":\"fr-FR\",\"@id\":\"https:\/\/www.castello-seeschloss.ch\/fr\/2025\/07\/15\/1-august-2025-nationalfeiertag-im-castello-food-seesicht-nice-price-coole-location-see-gourmet-nice-people-frindly-stuff\/#primaryimage\",\"url\":\"https:\/\/www.castello-seeschloss.ch\/wp-content\/uploads\/2025\/07\/istockphoto-1089787480-612x612-1.jpg\",\"contentUrl\":\"https:\/\/www.castello-seeschloss.ch\/wp-content\/uploads\/2025\/07\/istockphoto-1089787480-612x612-1.jpg\",\"width\":612,\"height\":555,\"caption\":\"Switzerland National day background. Abstract brushed watercolor flag of Switzerland in grunge shape. Holiday template background.\"},{\"@type\":\"BreadcrumbList\",\"@id\":\"https:\/\/www.castello-seeschloss.ch\/fr\/2025\/07\/15\/1-august-2025-nationalfeiertag-im-castello-food-seesicht-nice-price-coole-location-see-gourmet-nice-people-frindly-stuff\/#breadcrumb\",\"itemListElement\":[{\"@type\":\"ListItem\",\"position\":1,\"name\":\"Startseite\",\"item\":\"https:\/\/www.castello-seeschloss.ch\/fr\/\"},{\"@type\":\"ListItem\",\"position\":2,\"name\":\"1. Aout 2025 Fete nationale au Castello\"}]},{\"@type\":\"WebSite\",\"@id\":\"https:\/\/www.castello-seeschloss.ch\/#website\",\"url\":\"https:\/\/www.castello-seeschloss.ch\/\",\"name\":\"Romantik Hotel Castello Seeschloss\",\"description\":\"Ascona Tessin\",\"potentialAction\":[{\"@type\":\"SearchAction\",\"target\":{\"@type\":\"EntryPoint\",\"urlTemplate\":\"https:\/\/www.castello-seeschloss.ch\/?s={search_term_string}\"},\"query-input\":{\"@type\":\"PropertyValueSpecification\",\"valueRequired\":true,\"valueName\":\"search_term_string\"}}],\"inLanguage\":\"fr-FR\"},{\"@type\":\"Person\",\"@id\":\"https:\/\/www.castello-seeschloss.ch\/#\/schema\/person\/2d7edc5ec26981e6d3e97a4faa025f97\",\"name\":\"castello\",\"sameAs\":[\"https:\/\/x.com\/p390154\"],\"url\":\"https:\/\/www.castello-seeschloss.ch\/fr\/author\/castello\/\"}]}<\/script>\n<!-- \/ Yoast SEO plugin. -->","yoast_head_json":{"title":"1. Aout 2025 Fete nationale au Castello - Romantik Hotel Castello Seeschloss","robots":{"index":"index","follow":"follow","max-snippet":"max-snippet:-1","max-image-preview":"max-image-preview:large","max-video-preview":"max-video-preview:-1"},"canonical":"https:\/\/www.castello-seeschloss.ch\/fr\/2025\/07\/15\/1-august-2025-nationalfeiertag-im-castello-food-seesicht-nice-price-coole-location-see-gourmet-nice-people-frindly-stuff\/","og_locale":"fr_FR","og_type":"article","og_title":"1. Aout 2025 Fete nationale au Castello - Romantik Hotel Castello Seeschloss","og_url":"https:\/\/www.castello-seeschloss.ch\/fr\/2025\/07\/15\/1-august-2025-nationalfeiertag-im-castello-food-seesicht-nice-price-coole-location-see-gourmet-nice-people-frindly-stuff\/","og_site_name":"Romantik Hotel Castello Seeschloss","article_published_time":"2025-07-15T14:46:03+00:00","article_modified_time":"2025-07-29T14:59:45+00:00","og_image":[{"width":612,"height":555,"url":"https:\/\/www.castello-seeschloss.ch\/wp-content\/uploads\/2025\/07\/istockphoto-1089787480-612x612-1.jpg","type":"image\/jpeg"}],"author":"castello","twitter_card":"summary_large_image","twitter_creator":"@p390154","twitter_misc":{"\u00c9crit par":"castello","Dur\u00e9e de lecture estim\u00e9e":"3 minutes"},"schema":{"@context":"https:\/\/schema.org","@graph":[{"@type":"Article","@id":"https:\/\/www.castello-seeschloss.ch\/fr\/2025\/07\/15\/1-august-2025-nationalfeiertag-im-castello-food-seesicht-nice-price-coole-location-see-gourmet-nice-people-frindly-stuff\/#article","isPartOf":{"@id":"https:\/\/www.castello-seeschloss.ch\/fr\/2025\/07\/15\/1-august-2025-nationalfeiertag-im-castello-food-seesicht-nice-price-coole-location-see-gourmet-nice-people-frindly-stuff\/"},"author":{"name":"castello","@id":"https:\/\/www.castello-seeschloss.ch\/#\/schema\/person\/2d7edc5ec26981e6d3e97a4faa025f97"},"headline":"1. Aout 2025 Fete nationale au Castello","datePublished":"2025-07-15T14:46:03+00:00","dateModified":"2025-07-29T14:59:45+00:00","mainEntityOfPage":{"@id":"https:\/\/www.castello-seeschloss.ch\/fr\/2025\/07\/15\/1-august-2025-nationalfeiertag-im-castello-food-seesicht-nice-price-coole-location-see-gourmet-nice-people-frindly-stuff\/"},"wordCount":1326,"image":{"@id":"https:\/\/www.castello-seeschloss.ch\/fr\/2025\/07\/15\/1-august-2025-nationalfeiertag-im-castello-food-seesicht-nice-price-coole-location-see-gourmet-nice-people-frindly-stuff\/#primaryimage"},"thumbnailUrl":"https:\/\/www.castello-seeschloss.ch\/wp-content\/uploads\/2025\/07\/istockphoto-1089787480-612x612-1.jpg","articleSection":["Events"],"inLanguage":"fr-FR"},{"@type":"WebPage","@id":"https:\/\/www.castello-seeschloss.ch\/fr\/2025\/07\/15\/1-august-2025-nationalfeiertag-im-castello-food-seesicht-nice-price-coole-location-see-gourmet-nice-people-frindly-stuff\/","url":"https:\/\/www.castello-seeschloss.ch\/fr\/2025\/07\/15\/1-august-2025-nationalfeiertag-im-castello-food-seesicht-nice-price-coole-location-see-gourmet-nice-people-frindly-stuff\/","name":"1. Aout 2025 Fete nationale au Castello - Romantik Hotel Castello Seeschloss","isPartOf":{"@id":"https:\/\/www.castello-seeschloss.ch\/#website"},"primaryImageOfPage":{"@id":"https:\/\/www.castello-seeschloss.ch\/fr\/2025\/07\/15\/1-august-2025-nationalfeiertag-im-castello-food-seesicht-nice-price-coole-location-see-gourmet-nice-people-frindly-stuff\/#primaryimage"},"image":{"@id":"https:\/\/www.castello-seeschloss.ch\/fr\/2025\/07\/15\/1-august-2025-nationalfeiertag-im-castello-food-seesicht-nice-price-coole-location-see-gourmet-nice-people-frindly-stuff\/#primaryimage"},"thumbnailUrl":"https:\/\/www.castello-seeschloss.ch\/wp-content\/uploads\/2025\/07\/istockphoto-1089787480-612x612-1.jpg","datePublished":"2025-07-15T14:46:03+00:00","dateModified":"2025-07-29T14:59:45+00:00","author":{"@id":"https:\/\/www.castello-seeschloss.ch\/#\/schema\/person\/2d7edc5ec26981e6d3e97a4faa025f97"},"breadcrumb":{"@id":"https:\/\/www.castello-seeschloss.ch\/fr\/2025\/07\/15\/1-august-2025-nationalfeiertag-im-castello-food-seesicht-nice-price-coole-location-see-gourmet-nice-people-frindly-stuff\/#breadcrumb"},"inLanguage":"fr-FR","potentialAction":[{"@type":"ReadAction","target":["https:\/\/www.castello-seeschloss.ch\/fr\/2025\/07\/15\/1-august-2025-nationalfeiertag-im-castello-food-seesicht-nice-price-coole-location-see-gourmet-nice-people-frindly-stuff\/"]}]},{"@type":"ImageObject","inLanguage":"fr-FR","@id":"https:\/\/www.castello-seeschloss.ch\/fr\/2025\/07\/15\/1-august-2025-nationalfeiertag-im-castello-food-seesicht-nice-price-coole-location-see-gourmet-nice-people-frindly-stuff\/#primaryimage","url":"https:\/\/www.castello-seeschloss.ch\/wp-content\/uploads\/2025\/07\/istockphoto-1089787480-612x612-1.jpg","contentUrl":"https:\/\/www.castello-seeschloss.ch\/wp-content\/uploads\/2025\/07\/istockphoto-1089787480-612x612-1.jpg","width":612,"height":555,"caption":"Switzerland National day background. Abstract brushed watercolor flag of Switzerland in grunge shape. Holiday template background."},{"@type":"BreadcrumbList","@id":"https:\/\/www.castello-seeschloss.ch\/fr\/2025\/07\/15\/1-august-2025-nationalfeiertag-im-castello-food-seesicht-nice-price-coole-location-see-gourmet-nice-people-frindly-stuff\/#breadcrumb","itemListElement":[{"@type":"ListItem","position":1,"name":"Startseite","item":"https:\/\/www.castello-seeschloss.ch\/fr\/"},{"@type":"ListItem","position":2,"name":"1. Aout 2025 Fete nationale au Castello"}]},{"@type":"WebSite","@id":"https:\/\/www.castello-seeschloss.ch\/#website","url":"https:\/\/www.castello-seeschloss.ch\/","name":"Romantik Hotel Castello Seeschloss","description":"Ascona Tessin","potentialAction":[{"@type":"SearchAction","target":{"@type":"EntryPoint","urlTemplate":"https:\/\/www.castello-seeschloss.ch\/?s={search_term_string}"},"query-input":{"@type":"PropertyValueSpecification","valueRequired":true,"valueName":"search_term_string"}}],"inLanguage":"fr-FR"},{"@type":"Person","@id":"https:\/\/www.castello-seeschloss.ch\/#\/schema\/person\/2d7edc5ec26981e6d3e97a4faa025f97","name":"castello","sameAs":["https:\/\/x.com\/p390154"],"url":"https:\/\/www.castello-seeschloss.ch\/fr\/author\/castello\/"}]}},"publishpress_future_action":{"enabled":false,"date":"2026-05-08 21:51:17","action":"category-remove-all","newStatus":"draft","terms":[],"taxonomy":"category","extraData":[]},"publishpress_future_workflow_manual_trigger":{"enabledWorkflows":[]},"_links":{"self":[{"href":"https:\/\/www.castello-seeschloss.ch\/fr\/wp-json\/wp\/v2\/posts\/14852","targetHints":{"allow":["GET"]}}],"collection":[{"href":"https:\/\/www.castello-seeschloss.ch\/fr\/wp-json\/wp\/v2\/posts"}],"about":[{"href":"https:\/\/www.castello-seeschloss.ch\/fr\/wp-json\/wp\/v2\/types\/post"}],"author":[{"embeddable":true,"href":"https:\/\/www.castello-seeschloss.ch\/fr\/wp-json\/wp\/v2\/users\/2"}],"replies":[{"embeddable":true,"href":"https:\/\/www.castello-seeschloss.ch\/fr\/wp-json\/wp\/v2\/comments?post=14852"}],"version-history":[{"count":0,"href":"https:\/\/www.castello-seeschloss.ch\/fr\/wp-json\/wp\/v2\/posts\/14852\/revisions"}],"wp:featuredmedia":[{"embeddable":true,"href":"https:\/\/www.castello-seeschloss.ch\/fr\/wp-json\/wp\/v2\/media\/14754"}],"wp:attachment":[{"href":"https:\/\/www.castello-seeschloss.ch\/fr\/wp-json\/wp\/v2\/media?parent=14852"}],"wp:term":[{"taxonomy":"category","embeddable":true,"href":"https:\/\/www.castello-seeschloss.ch\/fr\/wp-json\/wp\/v2\/categories?post=14852"},{"taxonomy":"post_tag","embeddable":true,"href":"https:\/\/www.castello-seeschloss.ch\/fr\/wp-json\/wp\/v2\/tags?post=14852"}],"curies":[{"name":"wp","href":"https:\/\/api.w.org\/{rel}","templated":true}]}}