{"id":3519,"date":"2019-02-18T12:35:49","date_gmt":"2019-02-18T11:35:49","guid":{"rendered":"https:\/\/www.castello-seeschloss.ch\/2018\/08\/22\/sportcars-day-2018\/"},"modified":"2024-03-29T13:58:34","modified_gmt":"2024-03-29T12:58:34","slug":"gusto-festival-2019","status":"publish","type":"post","link":"https:\/\/www.castello-seeschloss.ch\/fr\/2019\/02\/18\/gusto-festival-2019\/","title":{"rendered":"Kochkurs \u00ab\u00a0fuoco &#038; fiamme\u00a0\u00bb"},"content":{"rendered":"\n<style type=\"text\/css\" data-created_by=\"avia_inline_auto\" id=\"style-css-av-av_section-9872352dd4d77af03a28a19700919149\">\n.avia-section.av-av_section-9872352dd4d77af03a28a19700919149{\nbackground-repeat:no-repeat;\nbackground-image:url(https:\/\/www.castello-seeschloss.ch\/wp-content\/uploads\/2015\/07\/Slider_Large_CastelloFront_600.jpg);\nbackground-position:50% 100%;\nbackground-attachment:scroll;\n}\n<\/style>\n<div id='av_section_1'  class='avia-section av-av_section-9872352dd4d77af03a28a19700919149 main_color avia-section-default avia-no-shadow  avia-builder-el-0  el_before_av_section  avia-builder-el-first  avia-full-stretch avia-bg-style-scroll av-minimum-height av-minimum-height-50 av-height-50  container_wrap fullsize'  data-section-bg-repeat='stretch' data-av_minimum_height_pc='50' data-av_min_height_opt='50'><div class='container av-section-cont-open' ><main  role=\"main\" itemprop=\"mainContentOfPage\"  class='template-page content  av-content-full alpha units'><div class='post-entry post-entry-type-page post-entry-3519'><div class='entry-content-wrapper clearfix'>\n<\/div><\/div><\/main><!-- close content main element --><\/div><\/div>\n<style type=\"text\/css\" data-created_by=\"avia_inline_auto\" id=\"style-css-av-av_section-3b514a249168cfb570d9640643063b22\">\n.avia-section.av-av_section-3b514a249168cfb570d9640643063b22 .av-extra-border-element .av-extra-border-inner{\nbackground-color:#ffffff;\n}\n<\/style>\n<div id='av_section_2'  class='avia-section av-av_section-3b514a249168cfb570d9640643063b22 main_color avia-section-huge avia-no-border-styling  avia-builder-el-1  el_after_av_section  avia-builder-el-last  avia-bg-style-scroll av-arrow-down-section container_wrap fullsize'  ><div class='container av-section-cont-open' ><div class='template-page content  av-content-full alpha units'><div class='post-entry post-entry-type-page post-entry-3519'><div class='entry-content-wrapper clearfix'>\n\n<style type=\"text\/css\" data-created_by=\"avia_inline_auto\" id=\"style-css-av-av_one_full-89af03f15cbb825a8bac39de208cf7b7\">\n#top .flex_column.av-av_one_full-89af03f15cbb825a8bac39de208cf7b7{\nmargin-top:-200px;\nmargin-bottom:0px;\n}\n.flex_column.av-av_one_full-89af03f15cbb825a8bac39de208cf7b7{\nborder-radius:0px 0px 0px 0px;\npadding:30px 30px 30px 30px;\nbackground-color:#ffffff;\n}\n.responsive #top #wrap_all .flex_column.av-av_one_full-89af03f15cbb825a8bac39de208cf7b7{\nmargin-top:-200px;\nmargin-bottom:0px;\n}\n<\/style>\n<div  class='flex_column av-av_one_full-89af03f15cbb825a8bac39de208cf7b7 av_one_full  avia-builder-el-2  el_before_av_textblock  avia-builder-el-first  first flex_column_div  '     ><style type=\"text\/css\" data-created_by=\"avia_inline_auto\" id=\"style-css-av-av_heading-1615a82f31ce5411857782fe14dc1dbf\">\n#top .av-special-heading.av-av_heading-1615a82f31ce5411857782fe14dc1dbf{\npadding-bottom:20px;\nfont-size:40px;\n}\nbody .av-special-heading.av-av_heading-1615a82f31ce5411857782fe14dc1dbf .av-special-heading-tag .heading-char{\nfont-size:25px;\n}\n#top #wrap_all .av-special-heading.av-av_heading-1615a82f31ce5411857782fe14dc1dbf .av-special-heading-tag{\nfont-size:40px;\n}\n.av-special-heading.av-av_heading-1615a82f31ce5411857782fe14dc1dbf .av-subheading{\nfont-size:15px;\n}\n\n@media only screen and (min-width: 480px) and (max-width: 767px){ \n#top #wrap_all .av-special-heading.av-av_heading-1615a82f31ce5411857782fe14dc1dbf .av-special-heading-tag{\nfont-size:0.8em;\n}\n}\n\n@media only screen and (max-width: 479px){ \n#top #wrap_all .av-special-heading.av-av_heading-1615a82f31ce5411857782fe14dc1dbf .av-special-heading-tag{\nfont-size:0.8em;\n}\n}\n<\/style>\n<div  class='av-special-heading av-av_heading-1615a82f31ce5411857782fe14dc1dbf av-special-heading-h1 blockquote modern-quote modern-centered  avia-builder-el-3  avia-builder-el-no-sibling  av-inherit-size'><h1 class='av-special-heading-tag '  itemprop=\"headline\"  >Kochkurs<br \/>\n23. M\u00e4rz 2019<\/h1><div class=\"special-heading-border\"><div class=\"special-heading-inner-border\"><\/div><\/div><\/div><\/div><section  class='av_textblock_section av-av_textblock-0366cc7376be6c9e82a3e9cc8987b64f '   itemscope=\"itemscope\" itemtype=\"https:\/\/schema.org\/BlogPosting\" itemprop=\"blogPost\" ><div class='avia_textblock'  itemprop=\"text\" ><p><strong>Tierischer Kochspass \u00abFuoco &amp; Fiamme\u00bb<\/strong><\/p>\n<p>Gastgeber Daniel Heiserer verr\u00e4t Ihnen die pers\u00f6nlichen Geheimnisse der Feuerk\u00fcche. Binden Sie sich Ihre Kochsch\u00fcrze um und beginnen Sie zu waschen, zu schneiden, zu braten, zu grillen und anzurichten &#8211; begleitet durch die fachm\u00e4nnische Anleitung des Gastgebers. Den Feinschliff erh\u00e4lt jedes Men\u00fc stets durch einen guten Tropfen &#8211; aber welchen denn nun w\u00e4hlen? Auch dieses R\u00e4tsel darf nicht ungel\u00f6st bleiben\u2026\u2026das Menu wird auf dem offenen Feuer komplett zubereitet, perfekt zum sich bereits im M\u00e4rz auf den Sommer einzustimmen. Nun aber zu Tisch: Das gemeinsame Geniessen des Zubereiteten begleitet von korrespondierenden Weinen, bildet den kr\u00f6nenden Abschluss heiterer Stunden am Feuer. Und glauben Sie uns, wenn wir sagen &#8211; es k\u00f6nnte sp\u00e4t werden\u2026.<\/p>\n<p><strong>Datum<\/strong><\/p>\n<p>Samstag, 23. M\u00e4rz 2019:<\/p>\n<p>Der Kurse beginnt um 16.00 Uhr in der K\u00fcche des Castello-Seeschloss. Die Preise verhalten sich wie folgt:<\/p>\n<p>CHF 190 pro Kochkursteilnehmer, inkl. Kurs, Weine, Abendessen, Wasser, Unterlagen; CHF 130 pro Gast: laden Sie Ihren Partner\/Freunde zum Abendessen ein, inklusive Weine, Wasser, Kaffee.<\/p>\n<p><em>Eine Anmeldung ist bis sp\u00e4testens drei Tage vor dem jeweiligen Datum erforderlich, per E-Mail <a href=\"mailto:info@castello-seeschloss.ch\">hotel@castello-seeschloss.ch<\/a> oder telefonisch unter +41 (0)91 791 01 61. (F\u00fcr jeden Kurs setzen wir eine Mindestteilnehmerzahl von 6 Personen voraus)<\/em><\/p>\n<\/div><\/section>\n\n<style type=\"text\/css\" data-created_by=\"avia_inline_auto\" id=\"style-css-av-av_image-70cec4999f97c722a7e1df294a6f0856\">\n.avia-image-container.av-av_image-70cec4999f97c722a7e1df294a6f0856 img.avia_image{\nbox-shadow:none;\n}\n.avia-image-container.av-av_image-70cec4999f97c722a7e1df294a6f0856 .av-image-caption-overlay-center{\ncolor:#ffffff;\n}\n<\/style>\n<div  class='avia-image-container av-av_image-70cec4999f97c722a7e1df294a6f0856 av-styling- avia-align-center  avia-builder-el-5  el_after_av_textblock  el_before_av_one_full '   itemprop=\"image\" itemscope=\"itemscope\" itemtype=\"https:\/\/schema.org\/ImageObject\" ><div class=\"avia-image-container-inner\"><div class=\"avia-image-overlay-wrap\"><img decoding=\"async\" fetchpriority=\"high\" class='wp-image-3982 avia-img-lazy-loading-not-3982 avia_image ' src=\"https:\/\/www.castello-seeschloss.ch\/wp-content\/uploads\/2019\/02\/Kochkurs-728x1030.jpg\" alt='' title='Kochkurs'  height=\"1024\" width=\"724\"  itemprop=\"thumbnailUrl\" srcset=\"https:\/\/www.castello-seeschloss.ch\/wp-content\/uploads\/2019\/02\/Kochkurs-728x1030.jpg 728w, https:\/\/www.castello-seeschloss.ch\/wp-content\/uploads\/2019\/02\/Kochkurs-212x300.jpg 212w, https:\/\/www.castello-seeschloss.ch\/wp-content\/uploads\/2019\/02\/Kochkurs-768x1086.jpg 768w, https:\/\/www.castello-seeschloss.ch\/wp-content\/uploads\/2019\/02\/Kochkurs-1061x1500.jpg 1061w, https:\/\/www.castello-seeschloss.ch\/wp-content\/uploads\/2019\/02\/Kochkurs-499x705.jpg 499w, https:\/\/www.castello-seeschloss.ch\/wp-content\/uploads\/2019\/02\/Kochkurs-450x636.jpg 450w, https:\/\/www.castello-seeschloss.ch\/wp-content\/uploads\/2019\/02\/Kochkurs.jpg 1200w\" sizes=\"(max-width: 724px) 100vw, 724px\" \/><\/div><\/div><\/div>\n\n<style type=\"text\/css\" data-created_by=\"avia_inline_auto\" id=\"style-css-av-av_one_full-6126cab7d8fab8d08143dd2dacdf673c\">\n.flex_column.av-av_one_full-6126cab7d8fab8d08143dd2dacdf673c{\nborder-radius:0px 0px 0px 0px;\npadding:0px 0px 0px 0px;\n}\n<\/style>\n<div  class='flex_column av-av_one_full-6126cab7d8fab8d08143dd2dacdf673c av_one_full  avia-builder-el-6  el_after_av_image  avia-builder-el-last  first flex_column_div av-zero-column-padding  '     ><\/div>\n","protected":false},"excerpt":{"rendered":"<p>23. M\u00e4rz 2019 Kochkurs \u00ab\u00a0Fuoco &#038; Fiamme\u00a0\u00bb<\/p>\n","protected":false},"author":1,"featured_media":3982,"comment_status":"open","ping_status":"open","sticky":false,"template":"","format":"standard","meta":{"footnotes":""},"categories":[30],"tags":[],"class_list":["post-3519","post","type-post","status-publish","format-standard","has-post-thumbnail","hentry","category-non-classifiee"],"yoast_head":"<!-- This site is optimized with the Yoast SEO plugin v27.2 - https:\/\/yoast.com\/product\/yoast-seo-wordpress\/ -->\n<title>Kochkurs &quot;fuoco &amp; fiamme&quot; - Romantik Hotel Castello Seeschloss<\/title>\n<meta name=\"robots\" content=\"index, follow, max-snippet:-1, max-image-preview:large, max-video-preview:-1\" \/>\n<link rel=\"canonical\" href=\"https:\/\/www.castello-seeschloss.ch\/fr\/2019\/02\/18\/gusto-festival-2019\/\" \/>\n<meta property=\"og:locale\" content=\"fr_FR\" \/>\n<meta property=\"og:type\" content=\"article\" \/>\n<meta property=\"og:title\" content=\"Kochkurs &quot;fuoco &amp; fiamme&quot; - Romantik Hotel Castello Seeschloss\" \/>\n<meta property=\"og:description\" content=\"23. M\u00e4rz 2019 Kochkurs &quot;Fuoco &amp; Fiamme&quot;\" \/>\n<meta property=\"og:url\" content=\"https:\/\/www.castello-seeschloss.ch\/fr\/2019\/02\/18\/gusto-festival-2019\/\" \/>\n<meta property=\"og:site_name\" content=\"Romantik Hotel Castello Seeschloss\" \/>\n<meta property=\"article:published_time\" content=\"2019-02-18T11:35:49+00:00\" \/>\n<meta property=\"article:modified_time\" content=\"2024-03-29T12:58:34+00:00\" \/>\n<meta property=\"og:image\" content=\"https:\/\/www.castello-seeschloss.ch\/wp-content\/uploads\/2019\/02\/Kochkurs.jpg\" \/>\n\t<meta property=\"og:image:width\" content=\"1200\" \/>\n\t<meta property=\"og:image:height\" content=\"1697\" \/>\n\t<meta property=\"og:image:type\" content=\"image\/jpeg\" \/>\n<meta name=\"author\" content=\"p390154\" \/>\n<meta name=\"twitter:card\" content=\"summary_large_image\" \/>\n<meta name=\"twitter:label1\" content=\"\u00c9crit par\" \/>\n\t<meta name=\"twitter:data1\" content=\"p390154\" \/>\n\t<meta name=\"twitter:label2\" content=\"Dur\u00e9e de lecture estim\u00e9e\" \/>\n\t<meta name=\"twitter:data2\" content=\"3 minutes\" \/>\n<script type=\"application\/ld+json\" class=\"yoast-schema-graph\">{\"@context\":\"https:\/\/schema.org\",\"@graph\":[{\"@type\":\"Article\",\"@id\":\"https:\/\/www.castello-seeschloss.ch\/fr\/2019\/02\/18\/gusto-festival-2019\/#article\",\"isPartOf\":{\"@id\":\"https:\/\/www.castello-seeschloss.ch\/fr\/2019\/02\/18\/gusto-festival-2019\/\"},\"author\":{\"name\":\"p390154\",\"@id\":\"https:\/\/www.castello-seeschloss.ch\/#\/schema\/person\/6d01558dc104e414c63d35d991ba77ff\"},\"headline\":\"Kochkurs \u00ab\u00a0fuoco &#038; fiamme\u00a0\u00bb\",\"datePublished\":\"2019-02-18T11:35:49+00:00\",\"dateModified\":\"2024-03-29T12:58:34+00:00\",\"mainEntityOfPage\":{\"@id\":\"https:\/\/www.castello-seeschloss.ch\/fr\/2019\/02\/18\/gusto-festival-2019\/\"},\"wordCount\":490,\"commentCount\":0,\"image\":{\"@id\":\"https:\/\/www.castello-seeschloss.ch\/fr\/2019\/02\/18\/gusto-festival-2019\/#primaryimage\"},\"thumbnailUrl\":\"https:\/\/www.castello-seeschloss.ch\/wp-content\/uploads\/2019\/02\/Kochkurs.jpg\",\"articleSection\":[\"Non classifi\u00e9(e)\"],\"inLanguage\":\"fr-FR\",\"potentialAction\":[{\"@type\":\"CommentAction\",\"name\":\"Comment\",\"target\":[\"https:\/\/www.castello-seeschloss.ch\/fr\/2019\/02\/18\/gusto-festival-2019\/#respond\"]}]},{\"@type\":\"WebPage\",\"@id\":\"https:\/\/www.castello-seeschloss.ch\/fr\/2019\/02\/18\/gusto-festival-2019\/\",\"url\":\"https:\/\/www.castello-seeschloss.ch\/fr\/2019\/02\/18\/gusto-festival-2019\/\",\"name\":\"Kochkurs \\\"fuoco & fiamme\\\" - Romantik Hotel Castello Seeschloss\",\"isPartOf\":{\"@id\":\"https:\/\/www.castello-seeschloss.ch\/#website\"},\"primaryImageOfPage\":{\"@id\":\"https:\/\/www.castello-seeschloss.ch\/fr\/2019\/02\/18\/gusto-festival-2019\/#primaryimage\"},\"image\":{\"@id\":\"https:\/\/www.castello-seeschloss.ch\/fr\/2019\/02\/18\/gusto-festival-2019\/#primaryimage\"},\"thumbnailUrl\":\"https:\/\/www.castello-seeschloss.ch\/wp-content\/uploads\/2019\/02\/Kochkurs.jpg\",\"datePublished\":\"2019-02-18T11:35:49+00:00\",\"dateModified\":\"2024-03-29T12:58:34+00:00\",\"author\":{\"@id\":\"https:\/\/www.castello-seeschloss.ch\/#\/schema\/person\/6d01558dc104e414c63d35d991ba77ff\"},\"breadcrumb\":{\"@id\":\"https:\/\/www.castello-seeschloss.ch\/fr\/2019\/02\/18\/gusto-festival-2019\/#breadcrumb\"},\"inLanguage\":\"fr-FR\",\"potentialAction\":[{\"@type\":\"ReadAction\",\"target\":[\"https:\/\/www.castello-seeschloss.ch\/fr\/2019\/02\/18\/gusto-festival-2019\/\"]}]},{\"@type\":\"ImageObject\",\"inLanguage\":\"fr-FR\",\"@id\":\"https:\/\/www.castello-seeschloss.ch\/fr\/2019\/02\/18\/gusto-festival-2019\/#primaryimage\",\"url\":\"https:\/\/www.castello-seeschloss.ch\/wp-content\/uploads\/2019\/02\/Kochkurs.jpg\",\"contentUrl\":\"https:\/\/www.castello-seeschloss.ch\/wp-content\/uploads\/2019\/02\/Kochkurs.jpg\",\"width\":1200,\"height\":1697},{\"@type\":\"BreadcrumbList\",\"@id\":\"https:\/\/www.castello-seeschloss.ch\/fr\/2019\/02\/18\/gusto-festival-2019\/#breadcrumb\",\"itemListElement\":[{\"@type\":\"ListItem\",\"position\":1,\"name\":\"Startseite\",\"item\":\"https:\/\/www.castello-seeschloss.ch\/fr\/\"},{\"@type\":\"ListItem\",\"position\":2,\"name\":\"Kochkurs \u00ab\u00a0fuoco &#038; fiamme\u00a0\u00bb\"}]},{\"@type\":\"WebSite\",\"@id\":\"https:\/\/www.castello-seeschloss.ch\/#website\",\"url\":\"https:\/\/www.castello-seeschloss.ch\/\",\"name\":\"Romantik Hotel Castello Seeschloss\",\"description\":\"Ascona Tessin\",\"potentialAction\":[{\"@type\":\"SearchAction\",\"target\":{\"@type\":\"EntryPoint\",\"urlTemplate\":\"https:\/\/www.castello-seeschloss.ch\/?s={search_term_string}\"},\"query-input\":{\"@type\":\"PropertyValueSpecification\",\"valueRequired\":true,\"valueName\":\"search_term_string\"}}],\"inLanguage\":\"fr-FR\"},{\"@type\":\"Person\",\"@id\":\"https:\/\/www.castello-seeschloss.ch\/#\/schema\/person\/6d01558dc104e414c63d35d991ba77ff\",\"name\":\"p390154\",\"url\":\"https:\/\/www.castello-seeschloss.ch\/fr\/author\/administrator\/\"}]}<\/script>\n<!-- \/ Yoast SEO plugin. -->","yoast_head_json":{"title":"Kochkurs \"fuoco & fiamme\" - Romantik Hotel Castello Seeschloss","robots":{"index":"index","follow":"follow","max-snippet":"max-snippet:-1","max-image-preview":"max-image-preview:large","max-video-preview":"max-video-preview:-1"},"canonical":"https:\/\/www.castello-seeschloss.ch\/fr\/2019\/02\/18\/gusto-festival-2019\/","og_locale":"fr_FR","og_type":"article","og_title":"Kochkurs \"fuoco & fiamme\" - Romantik Hotel Castello Seeschloss","og_description":"23. M\u00e4rz 2019 Kochkurs \"Fuoco & Fiamme\"","og_url":"https:\/\/www.castello-seeschloss.ch\/fr\/2019\/02\/18\/gusto-festival-2019\/","og_site_name":"Romantik Hotel Castello Seeschloss","article_published_time":"2019-02-18T11:35:49+00:00","article_modified_time":"2024-03-29T12:58:34+00:00","og_image":[{"width":1200,"height":1697,"url":"https:\/\/www.castello-seeschloss.ch\/wp-content\/uploads\/2019\/02\/Kochkurs.jpg","type":"image\/jpeg"}],"author":"p390154","twitter_card":"summary_large_image","twitter_misc":{"\u00c9crit par":"p390154","Dur\u00e9e de lecture estim\u00e9e":"3 minutes"},"schema":{"@context":"https:\/\/schema.org","@graph":[{"@type":"Article","@id":"https:\/\/www.castello-seeschloss.ch\/fr\/2019\/02\/18\/gusto-festival-2019\/#article","isPartOf":{"@id":"https:\/\/www.castello-seeschloss.ch\/fr\/2019\/02\/18\/gusto-festival-2019\/"},"author":{"name":"p390154","@id":"https:\/\/www.castello-seeschloss.ch\/#\/schema\/person\/6d01558dc104e414c63d35d991ba77ff"},"headline":"Kochkurs \u00ab\u00a0fuoco &#038; fiamme\u00a0\u00bb","datePublished":"2019-02-18T11:35:49+00:00","dateModified":"2024-03-29T12:58:34+00:00","mainEntityOfPage":{"@id":"https:\/\/www.castello-seeschloss.ch\/fr\/2019\/02\/18\/gusto-festival-2019\/"},"wordCount":490,"commentCount":0,"image":{"@id":"https:\/\/www.castello-seeschloss.ch\/fr\/2019\/02\/18\/gusto-festival-2019\/#primaryimage"},"thumbnailUrl":"https:\/\/www.castello-seeschloss.ch\/wp-content\/uploads\/2019\/02\/Kochkurs.jpg","articleSection":["Non classifi\u00e9(e)"],"inLanguage":"fr-FR","potentialAction":[{"@type":"CommentAction","name":"Comment","target":["https:\/\/www.castello-seeschloss.ch\/fr\/2019\/02\/18\/gusto-festival-2019\/#respond"]}]},{"@type":"WebPage","@id":"https:\/\/www.castello-seeschloss.ch\/fr\/2019\/02\/18\/gusto-festival-2019\/","url":"https:\/\/www.castello-seeschloss.ch\/fr\/2019\/02\/18\/gusto-festival-2019\/","name":"Kochkurs \"fuoco & fiamme\" - Romantik Hotel Castello Seeschloss","isPartOf":{"@id":"https:\/\/www.castello-seeschloss.ch\/#website"},"primaryImageOfPage":{"@id":"https:\/\/www.castello-seeschloss.ch\/fr\/2019\/02\/18\/gusto-festival-2019\/#primaryimage"},"image":{"@id":"https:\/\/www.castello-seeschloss.ch\/fr\/2019\/02\/18\/gusto-festival-2019\/#primaryimage"},"thumbnailUrl":"https:\/\/www.castello-seeschloss.ch\/wp-content\/uploads\/2019\/02\/Kochkurs.jpg","datePublished":"2019-02-18T11:35:49+00:00","dateModified":"2024-03-29T12:58:34+00:00","author":{"@id":"https:\/\/www.castello-seeschloss.ch\/#\/schema\/person\/6d01558dc104e414c63d35d991ba77ff"},"breadcrumb":{"@id":"https:\/\/www.castello-seeschloss.ch\/fr\/2019\/02\/18\/gusto-festival-2019\/#breadcrumb"},"inLanguage":"fr-FR","potentialAction":[{"@type":"ReadAction","target":["https:\/\/www.castello-seeschloss.ch\/fr\/2019\/02\/18\/gusto-festival-2019\/"]}]},{"@type":"ImageObject","inLanguage":"fr-FR","@id":"https:\/\/www.castello-seeschloss.ch\/fr\/2019\/02\/18\/gusto-festival-2019\/#primaryimage","url":"https:\/\/www.castello-seeschloss.ch\/wp-content\/uploads\/2019\/02\/Kochkurs.jpg","contentUrl":"https:\/\/www.castello-seeschloss.ch\/wp-content\/uploads\/2019\/02\/Kochkurs.jpg","width":1200,"height":1697},{"@type":"BreadcrumbList","@id":"https:\/\/www.castello-seeschloss.ch\/fr\/2019\/02\/18\/gusto-festival-2019\/#breadcrumb","itemListElement":[{"@type":"ListItem","position":1,"name":"Startseite","item":"https:\/\/www.castello-seeschloss.ch\/fr\/"},{"@type":"ListItem","position":2,"name":"Kochkurs \u00ab\u00a0fuoco &#038; fiamme\u00a0\u00bb"}]},{"@type":"WebSite","@id":"https:\/\/www.castello-seeschloss.ch\/#website","url":"https:\/\/www.castello-seeschloss.ch\/","name":"Romantik Hotel Castello Seeschloss","description":"Ascona Tessin","potentialAction":[{"@type":"SearchAction","target":{"@type":"EntryPoint","urlTemplate":"https:\/\/www.castello-seeschloss.ch\/?s={search_term_string}"},"query-input":{"@type":"PropertyValueSpecification","valueRequired":true,"valueName":"search_term_string"}}],"inLanguage":"fr-FR"},{"@type":"Person","@id":"https:\/\/www.castello-seeschloss.ch\/#\/schema\/person\/6d01558dc104e414c63d35d991ba77ff","name":"p390154","url":"https:\/\/www.castello-seeschloss.ch\/fr\/author\/administrator\/"}]}},"publishpress_future_action":{"enabled":false,"date":"2026-05-03 18:51:50","action":"category-remove-all","newStatus":"draft","terms":[],"taxonomy":"category","extraData":[]},"publishpress_future_workflow_manual_trigger":{"enabledWorkflows":[]},"_links":{"self":[{"href":"https:\/\/www.castello-seeschloss.ch\/fr\/wp-json\/wp\/v2\/posts\/3519","targetHints":{"allow":["GET"]}}],"collection":[{"href":"https:\/\/www.castello-seeschloss.ch\/fr\/wp-json\/wp\/v2\/posts"}],"about":[{"href":"https:\/\/www.castello-seeschloss.ch\/fr\/wp-json\/wp\/v2\/types\/post"}],"author":[{"embeddable":true,"href":"https:\/\/www.castello-seeschloss.ch\/fr\/wp-json\/wp\/v2\/users\/1"}],"replies":[{"embeddable":true,"href":"https:\/\/www.castello-seeschloss.ch\/fr\/wp-json\/wp\/v2\/comments?post=3519"}],"version-history":[{"count":0,"href":"https:\/\/www.castello-seeschloss.ch\/fr\/wp-json\/wp\/v2\/posts\/3519\/revisions"}],"wp:featuredmedia":[{"embeddable":true,"href":"https:\/\/www.castello-seeschloss.ch\/fr\/wp-json\/wp\/v2\/media\/3982"}],"wp:attachment":[{"href":"https:\/\/www.castello-seeschloss.ch\/fr\/wp-json\/wp\/v2\/media?parent=3519"}],"wp:term":[{"taxonomy":"category","embeddable":true,"href":"https:\/\/www.castello-seeschloss.ch\/fr\/wp-json\/wp\/v2\/categories?post=3519"},{"taxonomy":"post_tag","embeddable":true,"href":"https:\/\/www.castello-seeschloss.ch\/fr\/wp-json\/wp\/v2\/tags?post=3519"}],"curies":[{"name":"wp","href":"https:\/\/api.w.org\/{rel}","templated":true}]}}