{"id":5740,"date":"2020-08-21T16:20:15","date_gmt":"2020-08-21T14:20:15","guid":{"rendered":"https:\/\/www.castello-seeschloss.ch\/2020\/08\/21\/saisonverlaengerung\/"},"modified":"2024-03-29T13:59:02","modified_gmt":"2024-03-29T12:59:02","slug":"saisonverlaengerung","status":"publish","type":"post","link":"https:\/\/www.castello-seeschloss.ch\/fr\/2020\/08\/21\/saisonverlaengerung\/","title":{"rendered":"La saison jusqu&rsquo;a le 6 decembre"},"content":{"rendered":"<p>Chers clients, cette ann\u00e9e, nous prolongeons notre saison jusqu&rsquo;au 6 d\u00e9cembre 2020<\/p>\n<p>Nous passerons en Bed &amp; Breakfast du 25 octobre au 6 d\u00e9cembre et vous pourrez planifier votre court voyage \u00e0 Ascona avec nous.<\/p>\n<p>Nous serions heureux d&rsquo;organiser vos d\u00e9parts de golf \u00e0 Ascona et Losone avec une r\u00e9duction de 20% sur le green fee.<\/p>\n<p>Une table dans votre restaurant ou grotto pr\u00e9f\u00e9r\u00e9.<\/p>\n<p>Votre s\u00e9ance d&rsquo;entra\u00eenement v\u00e9lo, etc.<\/p>\n","protected":false},"excerpt":{"rendered":"<p>Chers clients, cette ann\u00e9e, nous prolongeons notre saison jusqu&rsquo;au 6 d\u00e9cembre 2020 Nous passerons en Bed &amp; Breakfast du 25 octobre au 6 d\u00e9cembre et vous pourrez planifier votre court voyage \u00e0 Ascona avec nous. Nous serions heureux d&rsquo;organiser vos d\u00e9parts de golf \u00e0 Ascona et Losone avec une r\u00e9duction de 20% sur le green [&hellip;]<\/p>\n","protected":false},"author":2,"featured_media":5681,"comment_status":"closed","ping_status":"open","sticky":false,"template":"","format":"standard","meta":{"footnotes":""},"categories":[30],"tags":[121,122,123,124,127],"class_list":["post-5740","post","type-post","status-publish","format-standard","has-post-thumbnail","hentry","category-non-classifiee","tag-ascona-fr","tag-bike-fr","tag-golf-fr","tag-piazza-fr","tag-winter-fr"],"yoast_head":"<!-- This site is optimized with the Yoast SEO plugin v27.2 - https:\/\/yoast.com\/product\/yoast-seo-wordpress\/ -->\n<title>La saison jusqu&#039;a le 6 decembre - Romantik Hotel Castello Seeschloss<\/title>\n<meta name=\"robots\" content=\"index, follow, max-snippet:-1, max-image-preview:large, max-video-preview:-1\" \/>\n<link rel=\"canonical\" href=\"https:\/\/www.castello-seeschloss.ch\/fr\/2020\/08\/21\/saisonverlaengerung\/\" \/>\n<meta property=\"og:locale\" content=\"fr_FR\" \/>\n<meta property=\"og:type\" content=\"article\" \/>\n<meta property=\"og:title\" content=\"La saison jusqu&#039;a le 6 decembre - Romantik Hotel Castello Seeschloss\" \/>\n<meta property=\"og:description\" content=\"Chers clients, cette ann\u00e9e, nous prolongeons notre saison jusqu&rsquo;au 6 d\u00e9cembre 2020 Nous passerons en Bed &amp; Breakfast du 25 octobre au 6 d\u00e9cembre et vous pourrez planifier votre court voyage \u00e0 Ascona avec nous. Nous serions heureux d&rsquo;organiser vos d\u00e9parts de golf \u00e0 Ascona et Losone avec une r\u00e9duction de 20% sur le green [&hellip;]\" \/>\n<meta property=\"og:url\" content=\"https:\/\/www.castello-seeschloss.ch\/fr\/2020\/08\/21\/saisonverlaengerung\/\" \/>\n<meta property=\"og:site_name\" content=\"Romantik Hotel Castello Seeschloss\" \/>\n<meta property=\"article:published_time\" content=\"2020-08-21T14:20:15+00:00\" \/>\n<meta property=\"article:modified_time\" content=\"2024-03-29T12:59:02+00:00\" \/>\n<meta name=\"author\" content=\"castello\" \/>\n<meta name=\"twitter:card\" content=\"summary_large_image\" \/>\n<meta name=\"twitter:creator\" content=\"@p390154\" \/>\n<meta name=\"twitter:label1\" content=\"\u00c9crit par\" \/>\n\t<meta name=\"twitter:data1\" content=\"castello\" \/>\n<script type=\"application\/ld+json\" class=\"yoast-schema-graph\">{\"@context\":\"https:\/\/schema.org\",\"@graph\":[{\"@type\":\"Article\",\"@id\":\"https:\/\/www.castello-seeschloss.ch\/fr\/2020\/08\/21\/saisonverlaengerung\/#article\",\"isPartOf\":{\"@id\":\"https:\/\/www.castello-seeschloss.ch\/fr\/2020\/08\/21\/saisonverlaengerung\/\"},\"author\":{\"name\":\"castello\",\"@id\":\"https:\/\/www.castello-seeschloss.ch\/#\/schema\/person\/2d7edc5ec26981e6d3e97a4faa025f97\"},\"headline\":\"La saison jusqu&rsquo;a le 6 decembre\",\"datePublished\":\"2020-08-21T14:20:15+00:00\",\"dateModified\":\"2024-03-29T12:59:02+00:00\",\"mainEntityOfPage\":{\"@id\":\"https:\/\/www.castello-seeschloss.ch\/fr\/2020\/08\/21\/saisonverlaengerung\/\"},\"wordCount\":81,\"image\":{\"@id\":\"https:\/\/www.castello-seeschloss.ch\/fr\/2020\/08\/21\/saisonverlaengerung\/#primaryimage\"},\"thumbnailUrl\":\"https:\/\/www.castello-seeschloss.ch\/wp-content\/uploads\/2020\/08\/Wir-verl\u00e4ngern-die-Saison-pdf.jpg\",\"keywords\":[\"Ascona\",\"bike\",\"golf\",\"Piazza\",\"winter\"],\"articleSection\":[\"Non classifi\u00e9(e)\"],\"inLanguage\":\"fr-FR\"},{\"@type\":\"WebPage\",\"@id\":\"https:\/\/www.castello-seeschloss.ch\/fr\/2020\/08\/21\/saisonverlaengerung\/\",\"url\":\"https:\/\/www.castello-seeschloss.ch\/fr\/2020\/08\/21\/saisonverlaengerung\/\",\"name\":\"La saison jusqu'a le 6 decembre - Romantik Hotel Castello Seeschloss\",\"isPartOf\":{\"@id\":\"https:\/\/www.castello-seeschloss.ch\/#website\"},\"primaryImageOfPage\":{\"@id\":\"https:\/\/www.castello-seeschloss.ch\/fr\/2020\/08\/21\/saisonverlaengerung\/#primaryimage\"},\"image\":{\"@id\":\"https:\/\/www.castello-seeschloss.ch\/fr\/2020\/08\/21\/saisonverlaengerung\/#primaryimage\"},\"thumbnailUrl\":\"https:\/\/www.castello-seeschloss.ch\/wp-content\/uploads\/2020\/08\/Wir-verl\u00e4ngern-die-Saison-pdf.jpg\",\"datePublished\":\"2020-08-21T14:20:15+00:00\",\"dateModified\":\"2024-03-29T12:59:02+00:00\",\"author\":{\"@id\":\"https:\/\/www.castello-seeschloss.ch\/#\/schema\/person\/2d7edc5ec26981e6d3e97a4faa025f97\"},\"breadcrumb\":{\"@id\":\"https:\/\/www.castello-seeschloss.ch\/fr\/2020\/08\/21\/saisonverlaengerung\/#breadcrumb\"},\"inLanguage\":\"fr-FR\",\"potentialAction\":[{\"@type\":\"ReadAction\",\"target\":[\"https:\/\/www.castello-seeschloss.ch\/fr\/2020\/08\/21\/saisonverlaengerung\/\"]}]},{\"@type\":\"ImageObject\",\"inLanguage\":\"fr-FR\",\"@id\":\"https:\/\/www.castello-seeschloss.ch\/fr\/2020\/08\/21\/saisonverlaengerung\/#primaryimage\",\"url\":\"https:\/\/www.castello-seeschloss.ch\/wp-content\/uploads\/2020\/08\/Wir-verl\u00e4ngern-die-Saison-pdf.jpg\",\"contentUrl\":\"https:\/\/www.castello-seeschloss.ch\/wp-content\/uploads\/2020\/08\/Wir-verl\u00e4ngern-die-Saison-pdf.jpg\"},{\"@type\":\"BreadcrumbList\",\"@id\":\"https:\/\/www.castello-seeschloss.ch\/fr\/2020\/08\/21\/saisonverlaengerung\/#breadcrumb\",\"itemListElement\":[{\"@type\":\"ListItem\",\"position\":1,\"name\":\"Startseite\",\"item\":\"https:\/\/www.castello-seeschloss.ch\/fr\/\"},{\"@type\":\"ListItem\",\"position\":2,\"name\":\"La saison jusqu&rsquo;a le 6 decembre\"}]},{\"@type\":\"WebSite\",\"@id\":\"https:\/\/www.castello-seeschloss.ch\/#website\",\"url\":\"https:\/\/www.castello-seeschloss.ch\/\",\"name\":\"Romantik Hotel Castello Seeschloss\",\"description\":\"Ascona Tessin\",\"potentialAction\":[{\"@type\":\"SearchAction\",\"target\":{\"@type\":\"EntryPoint\",\"urlTemplate\":\"https:\/\/www.castello-seeschloss.ch\/?s={search_term_string}\"},\"query-input\":{\"@type\":\"PropertyValueSpecification\",\"valueRequired\":true,\"valueName\":\"search_term_string\"}}],\"inLanguage\":\"fr-FR\"},{\"@type\":\"Person\",\"@id\":\"https:\/\/www.castello-seeschloss.ch\/#\/schema\/person\/2d7edc5ec26981e6d3e97a4faa025f97\",\"name\":\"castello\",\"sameAs\":[\"https:\/\/x.com\/p390154\"],\"url\":\"https:\/\/www.castello-seeschloss.ch\/fr\/author\/castello\/\"}]}<\/script>\n<!-- \/ Yoast SEO plugin. -->","yoast_head_json":{"title":"La saison jusqu'a le 6 decembre - Romantik Hotel Castello Seeschloss","robots":{"index":"index","follow":"follow","max-snippet":"max-snippet:-1","max-image-preview":"max-image-preview:large","max-video-preview":"max-video-preview:-1"},"canonical":"https:\/\/www.castello-seeschloss.ch\/fr\/2020\/08\/21\/saisonverlaengerung\/","og_locale":"fr_FR","og_type":"article","og_title":"La saison jusqu'a le 6 decembre - Romantik Hotel Castello Seeschloss","og_description":"Chers clients, cette ann\u00e9e, nous prolongeons notre saison jusqu&rsquo;au 6 d\u00e9cembre 2020 Nous passerons en Bed &amp; Breakfast du 25 octobre au 6 d\u00e9cembre et vous pourrez planifier votre court voyage \u00e0 Ascona avec nous. Nous serions heureux d&rsquo;organiser vos d\u00e9parts de golf \u00e0 Ascona et Losone avec une r\u00e9duction de 20% sur le green [&hellip;]","og_url":"https:\/\/www.castello-seeschloss.ch\/fr\/2020\/08\/21\/saisonverlaengerung\/","og_site_name":"Romantik Hotel Castello Seeschloss","article_published_time":"2020-08-21T14:20:15+00:00","article_modified_time":"2024-03-29T12:59:02+00:00","author":"castello","twitter_card":"summary_large_image","twitter_creator":"@p390154","twitter_misc":{"\u00c9crit par":"castello"},"schema":{"@context":"https:\/\/schema.org","@graph":[{"@type":"Article","@id":"https:\/\/www.castello-seeschloss.ch\/fr\/2020\/08\/21\/saisonverlaengerung\/#article","isPartOf":{"@id":"https:\/\/www.castello-seeschloss.ch\/fr\/2020\/08\/21\/saisonverlaengerung\/"},"author":{"name":"castello","@id":"https:\/\/www.castello-seeschloss.ch\/#\/schema\/person\/2d7edc5ec26981e6d3e97a4faa025f97"},"headline":"La saison jusqu&rsquo;a le 6 decembre","datePublished":"2020-08-21T14:20:15+00:00","dateModified":"2024-03-29T12:59:02+00:00","mainEntityOfPage":{"@id":"https:\/\/www.castello-seeschloss.ch\/fr\/2020\/08\/21\/saisonverlaengerung\/"},"wordCount":81,"image":{"@id":"https:\/\/www.castello-seeschloss.ch\/fr\/2020\/08\/21\/saisonverlaengerung\/#primaryimage"},"thumbnailUrl":"https:\/\/www.castello-seeschloss.ch\/wp-content\/uploads\/2020\/08\/Wir-verl\u00e4ngern-die-Saison-pdf.jpg","keywords":["Ascona","bike","golf","Piazza","winter"],"articleSection":["Non classifi\u00e9(e)"],"inLanguage":"fr-FR"},{"@type":"WebPage","@id":"https:\/\/www.castello-seeschloss.ch\/fr\/2020\/08\/21\/saisonverlaengerung\/","url":"https:\/\/www.castello-seeschloss.ch\/fr\/2020\/08\/21\/saisonverlaengerung\/","name":"La saison jusqu'a le 6 decembre - Romantik Hotel Castello Seeschloss","isPartOf":{"@id":"https:\/\/www.castello-seeschloss.ch\/#website"},"primaryImageOfPage":{"@id":"https:\/\/www.castello-seeschloss.ch\/fr\/2020\/08\/21\/saisonverlaengerung\/#primaryimage"},"image":{"@id":"https:\/\/www.castello-seeschloss.ch\/fr\/2020\/08\/21\/saisonverlaengerung\/#primaryimage"},"thumbnailUrl":"https:\/\/www.castello-seeschloss.ch\/wp-content\/uploads\/2020\/08\/Wir-verl\u00e4ngern-die-Saison-pdf.jpg","datePublished":"2020-08-21T14:20:15+00:00","dateModified":"2024-03-29T12:59:02+00:00","author":{"@id":"https:\/\/www.castello-seeschloss.ch\/#\/schema\/person\/2d7edc5ec26981e6d3e97a4faa025f97"},"breadcrumb":{"@id":"https:\/\/www.castello-seeschloss.ch\/fr\/2020\/08\/21\/saisonverlaengerung\/#breadcrumb"},"inLanguage":"fr-FR","potentialAction":[{"@type":"ReadAction","target":["https:\/\/www.castello-seeschloss.ch\/fr\/2020\/08\/21\/saisonverlaengerung\/"]}]},{"@type":"ImageObject","inLanguage":"fr-FR","@id":"https:\/\/www.castello-seeschloss.ch\/fr\/2020\/08\/21\/saisonverlaengerung\/#primaryimage","url":"https:\/\/www.castello-seeschloss.ch\/wp-content\/uploads\/2020\/08\/Wir-verl\u00e4ngern-die-Saison-pdf.jpg","contentUrl":"https:\/\/www.castello-seeschloss.ch\/wp-content\/uploads\/2020\/08\/Wir-verl\u00e4ngern-die-Saison-pdf.jpg"},{"@type":"BreadcrumbList","@id":"https:\/\/www.castello-seeschloss.ch\/fr\/2020\/08\/21\/saisonverlaengerung\/#breadcrumb","itemListElement":[{"@type":"ListItem","position":1,"name":"Startseite","item":"https:\/\/www.castello-seeschloss.ch\/fr\/"},{"@type":"ListItem","position":2,"name":"La saison jusqu&rsquo;a le 6 decembre"}]},{"@type":"WebSite","@id":"https:\/\/www.castello-seeschloss.ch\/#website","url":"https:\/\/www.castello-seeschloss.ch\/","name":"Romantik Hotel Castello Seeschloss","description":"Ascona Tessin","potentialAction":[{"@type":"SearchAction","target":{"@type":"EntryPoint","urlTemplate":"https:\/\/www.castello-seeschloss.ch\/?s={search_term_string}"},"query-input":{"@type":"PropertyValueSpecification","valueRequired":true,"valueName":"search_term_string"}}],"inLanguage":"fr-FR"},{"@type":"Person","@id":"https:\/\/www.castello-seeschloss.ch\/#\/schema\/person\/2d7edc5ec26981e6d3e97a4faa025f97","name":"castello","sameAs":["https:\/\/x.com\/p390154"],"url":"https:\/\/www.castello-seeschloss.ch\/fr\/author\/castello\/"}]}},"publishpress_future_action":{"enabled":false,"date":"2026-05-03 17:22:29","action":"category-remove-all","newStatus":"draft","terms":[],"taxonomy":"category","extraData":[]},"publishpress_future_workflow_manual_trigger":{"enabledWorkflows":[]},"_links":{"self":[{"href":"https:\/\/www.castello-seeschloss.ch\/fr\/wp-json\/wp\/v2\/posts\/5740","targetHints":{"allow":["GET"]}}],"collection":[{"href":"https:\/\/www.castello-seeschloss.ch\/fr\/wp-json\/wp\/v2\/posts"}],"about":[{"href":"https:\/\/www.castello-seeschloss.ch\/fr\/wp-json\/wp\/v2\/types\/post"}],"author":[{"embeddable":true,"href":"https:\/\/www.castello-seeschloss.ch\/fr\/wp-json\/wp\/v2\/users\/2"}],"replies":[{"embeddable":true,"href":"https:\/\/www.castello-seeschloss.ch\/fr\/wp-json\/wp\/v2\/comments?post=5740"}],"version-history":[{"count":0,"href":"https:\/\/www.castello-seeschloss.ch\/fr\/wp-json\/wp\/v2\/posts\/5740\/revisions"}],"wp:featuredmedia":[{"embeddable":true,"href":"https:\/\/www.castello-seeschloss.ch\/fr\/wp-json\/wp\/v2\/media\/5681"}],"wp:attachment":[{"href":"https:\/\/www.castello-seeschloss.ch\/fr\/wp-json\/wp\/v2\/media?parent=5740"}],"wp:term":[{"taxonomy":"category","embeddable":true,"href":"https:\/\/www.castello-seeschloss.ch\/fr\/wp-json\/wp\/v2\/categories?post=5740"},{"taxonomy":"post_tag","embeddable":true,"href":"https:\/\/www.castello-seeschloss.ch\/fr\/wp-json\/wp\/v2\/tags?post=5740"}],"curies":[{"name":"wp","href":"https:\/\/api.w.org\/{rel}","templated":true}]}}